{"id":8396,"date":"2023-11-09T08:45:44","date_gmt":"2023-11-09T07:45:44","guid":{"rendered":"https:\/\/padreazul.com\/blog\/die-serie-geht-weiter-padre-azul-veroeffentlicht-die-neue-limitierte-artist-edition-2023\/"},"modified":"2024-11-04T12:45:16","modified_gmt":"2024-11-04T11:45:16","slug":"die-serie-geht-weiter-padre-azul-veroeffentlicht-die-neue-limitierte-artist-edition-2023","status":"publish","type":"post","link":"https:\/\/padreazul.com\/de\/blog\/die-serie-geht-weiter-padre-azul-veroeffentlicht-die-neue-limitierte-artist-edition-2023\/","title":{"rendered":"Die Serie geht weiter &#8211; Padre Azul ver\u00f6ffentlicht die neue limitierte Artist Edition 2023"},"content":{"rendered":"\n<p>Die Reihe der limitierten Sondereditionen geht weiter und wir von Padre Azul sind stolz darauf, die diesj\u00e4hrige limitierte Sonderedition zum 3. Nach der Hommage an den <a href=\"https:\/\/padreazul.com\/product\/artist-edition-2021\/\">Dia de los Muertos mit unserem High Premium Tequila Anejo<\/a> und der Zusammenarbeit mit dem mexikanischen K\u00fcnstler Jose Parra im Jahr 2021 folgte 2022 der <a href=\"https:\/\/padreazul.com\/de\/?page_id=8317\">Double Barrel Tequila Reposado<\/a> als meisterhaftes Ergebnis von Adrianas Inspiration, der Handwerkskunst unserer Brennmeisterin Erika und der k\u00fcnstlerischen Unterst\u00fctzung der K\u00fcnstlerin Laura Garcia de Rulfo. <\/p>\n\n<p><br\/>Dieses Jahr wird es leuchtend und farbenfroh, denn der s\u00fcdamerikanische Stra\u00dfenk\u00fcnstler <a href=\"https:\/\/luismorales.art\/\" target=\"_blank\" rel=\"noopener\">Luis Morales de la Cruz<\/a> hat die Jacke des Double Barrel High Premium Tequila Anejo in seinen typischen Neonfarben gestaltet, was die diesj\u00e4hrige limitierte Auflage von 3000 St\u00fcck zu einem Must-Have f\u00fcr alle Tequila-Kenner und -Liebhaber macht. Einzigartig, farbenfroh und faszinierend &#8211; die Inspiration f\u00fcr das Design stammt von der farbenfrohen mexikanischen Kultur und der liebevoll und streng produzierten Nationalspirituose Mexikos &#8211; Tequila. <br\/><\/p>\n\n<h3 class=\"wp-block-heading\"><br\/><strong>High Premium Tequila, doppelt gereift in zwei handverlesenen F\u00e4ssern aus amerikanischer Bourbon-Eiche.<\/strong><\/h3>\n\n<figure class=\"wp-block-image aligncenter size-large\"><img loading=\"lazy\" decoding=\"async\" width=\"1024\" height=\"576\" src=\"https:\/\/padreazul.com\/wp-content\/uploads\/2023\/11\/Newsletter_1_engl-1-1024x576.jpg\" alt=\"\" class=\"wp-image-4229\" srcset=\"https:\/\/padreazul.com\/wp-content\/uploads\/2023\/11\/Newsletter_1_engl-1-1024x576.jpg 1024w, https:\/\/padreazul.com\/wp-content\/uploads\/2023\/11\/Newsletter_1_engl-1-300x169.jpg 300w, https:\/\/padreazul.com\/wp-content\/uploads\/2023\/11\/Newsletter_1_engl-1-768x432.jpg 768w, https:\/\/padreazul.com\/wp-content\/uploads\/2023\/11\/Newsletter_1_engl-1-1067x600.jpg 1067w, https:\/\/padreazul.com\/wp-content\/uploads\/2023\/11\/Newsletter_1_engl-1-500x281.jpg 500w, https:\/\/padreazul.com\/wp-content\/uploads\/2023\/11\/Newsletter_1_engl-1.jpg 1280w\" sizes=\"auto, (max-width: 1024px) 100vw, 1024px\" \/><\/figure>\n\n<p>Die diesj\u00e4hrige limitierte Artist Edition erh\u00e4lt ihren unvergleichlichen Geschmack durch die wichtigste Zutat unseres Tequilas &#8211; Zeit. Zeit zum Wachsen und Zeit zum Reifen. Auf unseren eigenen Agavenfeldern in den Ebenen um Jalisco wuchsen die Blue Weber Agaven unter der mexikanischen Sonne, wurden von unseren Jimadores sorgf\u00e4ltig geerntet und zu einem Tequila von h\u00f6chster Qualit\u00e4t verarbeitet. Anschlie\u00dfend reifte dieses Meisterwerk unserer Meisterdestillateurin Erika Sangeado 6 Monate lang in einem handverlesenen Fass aus amerikanischer Ex-Bourbon-Eiche, bevor es f\u00fcr weitere 11 Monate in ein anderes Eichenfass umgef\u00fcllt wurde. Mit jedem Schluck k\u00f6nnen Sie die Liebe und Hingabe schmecken, die in diesen Tequila geflossen sind. Abgerundet und perfekt in Szene gesetzt durch das farbenfrohe Meisterwerk des s\u00fcdamerikanischen Stra\u00dfenk\u00fcnstlers Luis Morales de la Cruz, wird die mexikanische Lebensfreude in dieser limitierten Artist Edition sichtbar.     <\/p>\n\n<h2 class=\"wp-block-heading\"><br\/>F\u00fcr Leute, die es eilig haben:<\/h2>\n\n<ul class=\"wp-block-list\">\n<li>Die neue Limited Artist Edition 2023 ist erh\u00e4ltlich &#8211; <a href=\"https:\/\/padreazul.com\/product\/artist-edition-2023\/\">jetzt<\/a> bestellen<\/li>\n\n\n\n<li>High Premium Tequila Anejo doppelt gereift in Ex-Bourbon-F\u00e4ssern<\/li>\n\n\n\n<li>Gekochte Agave, eingelegte Fr\u00fcchte, Schokolade und Noten von Honig und Vanille<\/li>\n\n\n\n<li>K\u00fcnstlerisch gestaltet von dem Streetart-K\u00fcnstler <a href=\"https:\/\/luismorales.art\/\" target=\"_blank\" rel=\"noopener\">Luis Morales de la Cruz<\/a><\/li>\n\n\n\n<li>Der Erl\u00f6s geht an das Kinderheim<a href=\"https:\/\/alcajym.wixsite.com\/alcajym\/oficial-records\" target=\"_blank\" rel=\"noopener\">&#8220;La casa de Jes\u00fas y Mar\u00eda A.C.<\/a>&#8220;.<br\/><\/li>\n<\/ul>\n\n<figure class=\"wp-block-image aligncenter size-large\"><a href=\"https:\/\/padreazul.com\/product\/artist-edition-2023\/\"><img loading=\"lazy\" decoding=\"async\" width=\"1024\" height=\"576\" src=\"https:\/\/padreazul.com\/wp-content\/uploads\/2023\/11\/bottle_view-1024x576.jpg\" alt=\"\" class=\"wp-image-4206\" srcset=\"https:\/\/padreazul.com\/wp-content\/uploads\/2023\/11\/bottle_view-1024x576.jpg 1024w, https:\/\/padreazul.com\/wp-content\/uploads\/2023\/11\/bottle_view-300x169.jpg 300w, https:\/\/padreazul.com\/wp-content\/uploads\/2023\/11\/bottle_view-768x432.jpg 768w, https:\/\/padreazul.com\/wp-content\/uploads\/2023\/11\/bottle_view-1067x600.jpg 1067w, https:\/\/padreazul.com\/wp-content\/uploads\/2023\/11\/bottle_view-500x281.jpg 500w, https:\/\/padreazul.com\/wp-content\/uploads\/2023\/11\/bottle_view.jpg 1280w\" sizes=\"auto, (max-width: 1024px) 100vw, 1024px\" \/><\/a><\/figure>\n\n<h3 class=\"wp-block-heading\"><br\/><strong>Unverwechselbares Design &#8211; Stra\u00dfenk\u00fcnstler Luis Morales de la Cruz f\u00fcr Padre Azul<\/strong><\/h3>\n\n<p><strong><br\/><\/strong>Der zeitgen\u00f6ssische Maler und Stra\u00dfenk\u00fcnstler Luis Morales de la Cruz entdeckte seine gro\u00dfe Leidenschaft f\u00fcr die Kunst schon als Kind in Lima, S\u00fcdamerika. Das Zeichnen wurde zu seiner gr\u00f6\u00dften Begeisterung &#8211; inspiriert von der modernen Kunst der 90er Jahre, wie Pop Art, Musik, Anime und Manga, fand er seinen eigenen, unverwechselbaren Stil. Eine Kombination aus fluoreszierenden Farben und starken Kontrasten mit abstrakten und figurativen Motiven ist in seinen Werken deutlich zu erkennen. Der peruanische K\u00fcnstler kam im Alter von zw\u00f6lf Jahren nach \u00d6sterreich und arbeitet derzeit in seinem Atelier im Zentrum von Wien. Als anerkannter Stra\u00dfenk\u00fcnstler ist Luis auch einer der bekanntesten digitalen bildenden K\u00fcnstler des Landes.    <\/p>\n\n<p>Seine Kunst ist von der mexikanischen Kultur und ihrer Farbenpracht beeinflusst. Als ehemaliger Barkeeper in Wien entdeckte er seine Leidenschaft f\u00fcr hochwertigen Tequila und in seiner Artist Edition f\u00fcr Padre Azul verbindet er seine Kunst mit der s\u00fcdamerikanischen Mentalit\u00e4t und entwirft das Design der Flaschenh\u00fclle. Luis ist stolz darauf, Teil der Geschichte und Qualit\u00e4t der Padre-Familie zu sein und die Leidenschaft der Menschen f\u00fcr ihre Arbeit in Premium-Tequila zu verk\u00f6rpern.  <br\/><br\/><em>&#8220;Die Kombination aus hochwertigem Tequila, meiner Arbeit als K\u00fcnstler und der s\u00fcdamerikanischen Mentalit\u00e4t sind das Ergebnis meiner Artist Edition f\u00fcr Padre Azul. Inspiriert wurde ich von den Menschen und ihrer Leidenschaft und Liebe f\u00fcr ihre Arbeit, die jeden Tag ihr Bestes geben, um die Tradition und das Flair Mexikos in erstklassigen Premium-Tequila einflie\u00dfen zu lassen&#8221;, sagt Luis.<\/em><br\/><em><br\/><\/em><\/p>\n\n<figure class=\"wp-block-image aligncenter size-large\"><img loading=\"lazy\" decoding=\"async\" width=\"1024\" height=\"683\" src=\"https:\/\/padreazul.com\/wp-content\/uploads\/2023\/11\/DSC01122-1024x683.jpg\" alt=\"\" class=\"wp-image-4207\" srcset=\"https:\/\/padreazul.com\/wp-content\/uploads\/2023\/11\/DSC01122-1024x683.jpg 1024w, https:\/\/padreazul.com\/wp-content\/uploads\/2023\/11\/DSC01122-300x200.jpg 300w, https:\/\/padreazul.com\/wp-content\/uploads\/2023\/11\/DSC01122-768x512.jpg 768w, https:\/\/padreazul.com\/wp-content\/uploads\/2023\/11\/DSC01122-1350x900.jpg 1350w, https:\/\/padreazul.com\/wp-content\/uploads\/2023\/11\/DSC01122-900x600.jpg 900w, https:\/\/padreazul.com\/wp-content\/uploads\/2023\/11\/DSC01122-1536x1024.jpg 1536w, https:\/\/padreazul.com\/wp-content\/uploads\/2023\/11\/DSC01122-2048x1365.jpg 2048w, https:\/\/padreazul.com\/wp-content\/uploads\/2023\/11\/DSC01122-500x333.jpg 500w\" sizes=\"auto, (max-width: 1024px) 100vw, 1024px\" \/><\/figure>\n\n<h3 class=\"wp-block-heading\"><br\/><strong><a href=\"https:\/\/padreazul.com\/de\/?page_id=8220\">Stiftung Ramon Por Vida<\/a><\/strong><\/h3>\n\n<p><strong><br\/><\/strong>Adriana Alvarez de Eder erf\u00fcllte sich einen Traum, als sie die <a href=\"https:\/\/padreazul.com\/de\/?page_id=8220\">Stiftung Ramon Por Vida<\/a> ins Leben rief. Die geb\u00fcrtige Mexikanerin und Ehefrau des Firmengr\u00fcnders HP Eder hat sich zum Ziel gesetzt, die lokale Bev\u00f6lkerung und insbesondere Kinder in Not zu unterst\u00fctzen. Das dritte Jahr in Folge hat Padre Azul in Zusammenarbeit mit ausgew\u00e4hlten K\u00fcnstlern eine Limited Edition kreiert und wie in der Vergangenheit wird ein Teil des Erl\u00f6ses an soziale Organisationen in der Region gespendet. Alle Organisationen werden von Adriana selbst ausgew\u00e4hlt und besucht, um sicherzustellen, dass die Unterst\u00fctzung direkt denjenigen zugute kommt, die sie am meisten brauchen. Tequila-Liebhaber erhalten ein einzigartiges Sammlerst\u00fcck und wir von Padre Azul k\u00f6nnen unserer sozialen Verantwortung gerecht werden.    <\/p>\n\n<p><br\/>Im Jahr 2023 besuchten Adriana und ihre Familie das Kinderheim<a href=\"https:\/\/alcajym.wixsite.com\/alcajym\/oficial-records\" target=\"_blank\" rel=\"noopener\">&#8220;La casa de Jes\u00fas y Mar\u00eda A.C.<\/a>&#8220;, eine Einrichtung in Zapopan, die auf die Unterst\u00fctzung von Kindern mit Down-Syndrom spezialisiert ist und ausschlie\u00dflich durch private Spenden finanziert wird. Die Leiterin, Irma Serrano, m\u00f6chte den Kindern nicht nur eine Unterkunft, Kleidung und Essen bieten, sondern ihnen auch die Liebe einer Familie geben. <br\/><br\/><\/p>\n\n<figure class=\"wp-block-image aligncenter size-large\"><img loading=\"lazy\" decoding=\"async\" width=\"1024\" height=\"576\" src=\"https:\/\/padreazul.com\/wp-content\/uploads\/2023\/11\/Adriana_lacasadejesus-1-1024x576.jpg\" alt=\"\" class=\"wp-image-4205\" srcset=\"https:\/\/padreazul.com\/wp-content\/uploads\/2023\/11\/Adriana_lacasadejesus-1-1024x576.jpg 1024w, https:\/\/padreazul.com\/wp-content\/uploads\/2023\/11\/Adriana_lacasadejesus-1-300x169.jpg 300w, https:\/\/padreazul.com\/wp-content\/uploads\/2023\/11\/Adriana_lacasadejesus-1-768x432.jpg 768w, https:\/\/padreazul.com\/wp-content\/uploads\/2023\/11\/Adriana_lacasadejesus-1-1067x600.jpg 1067w, https:\/\/padreazul.com\/wp-content\/uploads\/2023\/11\/Adriana_lacasadejesus-1-500x281.jpg 500w, https:\/\/padreazul.com\/wp-content\/uploads\/2023\/11\/Adriana_lacasadejesus-1.jpg 1280w\" sizes=\"auto, (max-width: 1024px) 100vw, 1024px\" \/><\/figure>\n\n<p><br\/><em>&#8220;Es war sehr bewegend f\u00fcr uns, das L\u00e4cheln zu sehen und die Liebe zu sp\u00fcren, die in jedem Winkel dieses Heims vorhanden ist. Gleichzeitig wurde uns klar, dass die Kinder viele Bed\u00fcrfnisse haben und unsere finanzielle Hilfe hier eine gro\u00dfe Unterst\u00fctzung f\u00fcr sie alle sein wird. MIT LIEBE IST ALLES M\u00d6GLICH&#8221;, <\/em>sagt Adriana.<br\/><br\/><br\/>Mehr Informationen <a href=\"https:\/\/alcajym.wixsite.com\/alcajym\/oficial-records\" target=\"_blank\" rel=\"noopener\">hier<\/a>.<br\/><br\/><\/p>\n\n<h3 class=\"wp-block-heading\"><strong>Aber was genau ist in dieser Flasche?<\/strong><\/h3>\n\n<p><br\/>Nicht nur das \u00c4u\u00dfere dieses Sammlerst\u00fccks ist bestechend &#8211; auch der fl\u00fcssige Inhalt verspricht ein Geschmackserlebnis der Extraklasse.<br\/><\/p>\n\n<p>Entdecken Sie den Reiz unseres High Premium Double Barrel Tequila Anejo, der wie ein sonnenbeschienener Schatz mit einem Hauch von Gold schimmert. Lassen Sie sich vom Aroma verzaubern, wo die Essenz der reinen Agave mit Noten von Schokolade, sonnenverw\u00f6hnten Fr\u00fcchten und einem zarten Kuss von Honig und Vanille tanzt, und genie\u00dfen Sie mit jedem Schluck einen Geschmack, der nicht nur den Gaumen erfreut, sondern nach einem weiteren lockt. <br\/><br\/>Wie die Bezeichnung &#8220;Double Barrel&#8221; schon sagt, wurde dieser Tequila Anejo in zwei handverlesenen F\u00e4ssern aus amerikanischer Ex-Bourbon-Eiche gereift. Dies verleiht ihm seine unvergleichliche holzige Note, die von weichen Aromen von Schokolade, Trockenfr\u00fcchten und Honig begleitet wird.   <br\/><br\/><\/p>\n\n<h3 class=\"wp-block-heading\"><br\/><strong>Wie genie\u00dfen Sie diesen Premium-Tequila?<\/strong><\/h3>\n\n<p>Diesen Double Barrel Anejo genie\u00dfen Sie am besten bei Zimmertemperatur zwischen 18 &#8211; 20 \u00b0C, idealerweise in einem <a href=\"https:\/\/padreazul.com\/product\/padre-azul-signature-tasting-glass\/\">Tumbler-Glas<\/a> und mit Freunden und Familie.<br\/><br\/>Wenn Sie auf der Suche nach einem neuen Geschmackserlebnis sind, dann k\u00f6nnen Sie hier garantiert nichts falsch machen. Diese au\u00dfergew\u00f6hnliche Sammleredition ist aufgrund ihres sanften Geschmacks auch ideal f\u00fcr Tequila-Anf\u00e4nger. <\/p>\n\n<h3 class=\"wp-block-heading\"><br\/><strong>Diese auf 3000 St\u00fcck limitierte Sonderedition ist jetzt in unserem <a href=\"https:\/\/padreazul.com\/product\/artist-edition-2023\/\">Online-Shop<\/a> erh\u00e4ltlich <a href=\"https:\/\/padreazul.com\/product\/artist-edition-2023\/\">.<\/a><\/strong><\/h3>\n\n<figure class=\"wp-block-image aligncenter size-large\"><img loading=\"lazy\" decoding=\"async\" width=\"1024\" height=\"576\" src=\"https:\/\/padreazul.com\/wp-content\/uploads\/2023\/11\/allAE_comingsoon-1024x576.jpg\" alt=\"\" class=\"wp-image-4208\" srcset=\"https:\/\/padreazul.com\/wp-content\/uploads\/2023\/11\/allAE_comingsoon-1024x576.jpg 1024w, https:\/\/padreazul.com\/wp-content\/uploads\/2023\/11\/allAE_comingsoon-300x169.jpg 300w, https:\/\/padreazul.com\/wp-content\/uploads\/2023\/11\/allAE_comingsoon-768x432.jpg 768w, https:\/\/padreazul.com\/wp-content\/uploads\/2023\/11\/allAE_comingsoon-1067x600.jpg 1067w, https:\/\/padreazul.com\/wp-content\/uploads\/2023\/11\/allAE_comingsoon-500x281.jpg 500w, https:\/\/padreazul.com\/wp-content\/uploads\/2023\/11\/allAE_comingsoon.jpg 1280w\" sizes=\"auto, (max-width: 1024px) 100vw, 1024px\" \/><\/figure>\n\n<p><br\/>Eines kann schon vorab verraten werden &#8211; wenn Sie sich jetzt f\u00fcr unsere bisherigen limitierten Editionen interessieren, dann bleiben Sie neugierig. Es wird bald eine Sonderausgabe dieser Trilogie von <a href=\"https:\/\/padreazul.com\/product\/artist-edition-2021\/\">2021<\/a>, <a href=\"https:\/\/padreazul.com\/de\/?page_id=8317\">2022<\/a> bis <a href=\"https:\/\/padreazul.com\/product\/artist-edition-2023\/\">2023<\/a> geben, die jedes Sammlerherz h\u00f6her schlagen lassen wird! <\/p>\n\n<p><br\/>WIE IMMER &#8211; TRINKEN SIE VERANTWORTUNGSBEWUSST!<\/p>\n\n<p><br\/>Saludos,<br\/><strong>Die Familie Padre<\/strong><\/p>\n","protected":false},"excerpt":{"rendered":"<p>Die Reihe der limitierten Sondereditionen geht weiter und wir von Padre Azul sind stolz darauf, die diesj\u00e4hrige limitierte Sonderedition zum [&hellip;]<\/p>\n","protected":false},"author":4,"featured_media":7462,"comment_status":"closed","ping_status":"closed","sticky":false,"template":"","format":"standard","meta":{"content-type":"","_uag_custom_page_level_css":"","site-sidebar-layout":"default","site-content-layout":"","ast-site-content-layout":"default","site-content-style":"default","site-sidebar-style":"default","ast-global-header-display":"","ast-banner-title-visibility":"","ast-main-header-display":"","ast-hfb-above-header-display":"","ast-hfb-below-header-display":"","ast-hfb-mobile-header-display":"","site-post-title":"","ast-breadcrumbs-content":"","ast-featured-img":"","footer-sml-layout":"","ast-disable-related-posts":"","theme-transparent-header-meta":"","adv-header-id-meta":"","stick-header-meta":"","header-above-stick-meta":"","header-main-stick-meta":"","header-below-stick-meta":"","astra-migrate-meta-layouts":"default","ast-page-background-enabled":"default","ast-page-background-meta":{"desktop":{"background-color":"","background-image":"","background-repeat":"repeat","background-position":"center center","background-size":"auto","background-attachment":"scroll","background-type":"","background-media":"","overlay-type":"","overlay-color":"","overlay-opacity":"","overlay-gradient":""},"tablet":{"background-color":"","background-image":"","background-repeat":"repeat","background-position":"center center","background-size":"auto","background-attachment":"scroll","background-type":"","background-media":"","overlay-type":"","overlay-color":"","overlay-opacity":"","overlay-gradient":""},"mobile":{"background-color":"","background-image":"","background-repeat":"repeat","background-position":"center center","background-size":"auto","background-attachment":"scroll","background-type":"","background-media":"","overlay-type":"","overlay-color":"","overlay-opacity":"","overlay-gradient":""}},"ast-content-background-meta":{"desktop":{"background-color":"var(--ast-global-color-5)","background-image":"","background-repeat":"repeat","background-position":"center center","background-size":"auto","background-attachment":"scroll","background-type":"","background-media":"","overlay-type":"","overlay-color":"","overlay-opacity":"","overlay-gradient":""},"tablet":{"background-color":"var(--ast-global-color-5)","background-image":"","background-repeat":"repeat","background-position":"center center","background-size":"auto","background-attachment":"scroll","background-type":"","background-media":"","overlay-type":"","overlay-color":"","overlay-opacity":"","overlay-gradient":""},"mobile":{"background-color":"var(--ast-global-color-5)","background-image":"","background-repeat":"repeat","background-position":"center center","background-size":"auto","background-attachment":"scroll","background-type":"","background-media":"","overlay-type":"","overlay-color":"","overlay-opacity":"","overlay-gradient":""}},"footnotes":""},"categories":[200],"tags":[246,247,214],"class_list":["post-8396","post","type-post","status-publish","format-standard","has-post-thumbnail","hentry","category-unkategorisiert","tag-2023-de","tag-double-barrel-anejo-de","tag-kunstler-edition"],"uagb_featured_image_src":{"full":["https:\/\/padreazul.com\/wp-content\/uploads\/2023\/11\/artistedition2023_blog_banner.webp",2240,1260,false],"thumbnail":["https:\/\/padreazul.com\/wp-content\/uploads\/2023\/11\/artistedition2023_blog_banner-150x150.webp",150,150,true],"medium":["https:\/\/padreazul.com\/wp-content\/uploads\/2023\/11\/artistedition2023_blog_banner-300x169.webp",300,169,true],"medium_large":["https:\/\/padreazul.com\/wp-content\/uploads\/2023\/11\/artistedition2023_blog_banner-768x432.webp",768,432,true],"large":["https:\/\/padreazul.com\/wp-content\/uploads\/2023\/11\/artistedition2023_blog_banner-1024x576.webp",1024,576,true],"product_image_size":["https:\/\/padreazul.com\/wp-content\/uploads\/2023\/11\/artistedition2023_blog_banner-1600x900.webp",1600,900,true],"product_image_size_small":["https:\/\/padreazul.com\/wp-content\/uploads\/2023\/11\/artistedition2023_blog_banner-1067x600.webp",1067,600,true],"1536x1536":["https:\/\/padreazul.com\/wp-content\/uploads\/2023\/11\/artistedition2023_blog_banner-1536x864.webp",1536,864,true],"2048x2048":["https:\/\/padreazul.com\/wp-content\/uploads\/2023\/11\/artistedition2023_blog_banner-2048x1152.webp",2048,1152,true],"woocommerce_thumbnail":["https:\/\/padreazul.com\/wp-content\/uploads\/2023\/11\/artistedition2023_blog_banner-500x500.webp",500,500,true],"woocommerce_single":["https:\/\/padreazul.com\/wp-content\/uploads\/2023\/11\/artistedition2023_blog_banner-500x281.webp",500,281,true],"woocommerce_gallery_thumbnail":["https:\/\/padreazul.com\/wp-content\/uploads\/2023\/11\/artistedition2023_blog_banner-100x100.webp",100,100,true]},"uagb_author_info":{"display_name":"Ramon","author_link":"https:\/\/padreazul.com\/de\/author\/florian_springer\/"},"uagb_comment_info":0,"uagb_excerpt":"Die Reihe der limitierten Sondereditionen geht weiter und wir von Padre Azul sind stolz darauf, die diesj\u00e4hrige limitierte Sonderedition zum [&hellip;]","_links":{"self":[{"href":"https:\/\/padreazul.com\/de\/wp-json\/wp\/v2\/posts\/8396","targetHints":{"allow":["GET"]}}],"collection":[{"href":"https:\/\/padreazul.com\/de\/wp-json\/wp\/v2\/posts"}],"about":[{"href":"https:\/\/padreazul.com\/de\/wp-json\/wp\/v2\/types\/post"}],"author":[{"embeddable":true,"href":"https:\/\/padreazul.com\/de\/wp-json\/wp\/v2\/users\/4"}],"replies":[{"embeddable":true,"href":"https:\/\/padreazul.com\/de\/wp-json\/wp\/v2\/comments?post=8396"}],"version-history":[{"count":0,"href":"https:\/\/padreazul.com\/de\/wp-json\/wp\/v2\/posts\/8396\/revisions"}],"wp:featuredmedia":[{"embeddable":true,"href":"https:\/\/padreazul.com\/de\/wp-json\/wp\/v2\/media\/7462"}],"wp:attachment":[{"href":"https:\/\/padreazul.com\/de\/wp-json\/wp\/v2\/media?parent=8396"}],"wp:term":[{"taxonomy":"category","embeddable":true,"href":"https:\/\/padreazul.com\/de\/wp-json\/wp\/v2\/categories?post=8396"},{"taxonomy":"post_tag","embeddable":true,"href":"https:\/\/padreazul.com\/de\/wp-json\/wp\/v2\/tags?post=8396"}],"curies":[{"name":"wp","href":"https:\/\/api.w.org\/{rel}","templated":true}]}}