{"id":8457,"date":"2022-11-15T16:35:04","date_gmt":"2022-11-15T15:35:04","guid":{"rendered":"https:\/\/padreazul.com\/blog\/fuenf-fakten-ueber-den-dia-de-los-muertos-die-sie-vielleicht-noch-nicht-kennen\/"},"modified":"2024-11-04T12:46:00","modified_gmt":"2024-11-04T11:46:00","slug":"fuenf-fakten-ueber-den-dia-de-los-muertos-die-sie-vielleicht-noch-nicht-kennen","status":"publish","type":"post","link":"https:\/\/padreazul.com\/de\/blog\/fuenf-fakten-ueber-den-dia-de-los-muertos-die-sie-vielleicht-noch-nicht-kennen\/","title":{"rendered":"F\u00fcnf Fakten \u00fcber den D\u00eda de los Muertos, die Sie vielleicht noch nicht kennen!"},"content":{"rendered":"\n<p><strong>El Dia de los Muertos<\/strong> ist f\u00fcr die Mexikaner der wichtigste Feiertag des Jahres &#8211; sogar wichtiger als Weihnachten! Es ist ein landesweites Fest des Lebens und der ewigen Freundschaft &#8211; es ist nicht Halloween! Die Menschen verkleiden sich als Skelette und veranstalten eine Party auf dem Friedhof, um den Toten zu gedenken. Das mag wie ein einzigartiges Fest klingen, aber es steckt eine Menge Bedeutung dahinter. Um dieses Fest besser zu verstehen, haben wir die<strong> f\u00fcnf wichtigsten Fakten<\/strong> \u00fcber den Tag der Toten zusammengestellt, die Sie vielleicht noch nicht kennen! F\u00fcr diejenigen, die es eilig haben, hier eine kurze Zusammenfassung:     <\/p>\n\n<ol class=\"wp-block-list\">\n<li><strong>Jeder Altar ist einzigartig<\/strong>, aber gleich<\/li>\n\n\n\n<li>Die Menschen in Yucatan feiern <strong>Hanal Pixan<\/strong> anstelle des D\u00eda de los Muertos<\/li>\n\n\n\n<li><strong>La Calavera Catrina<\/strong> war urspr\u00fcnglich eine Persiflage auf die Oberschicht<\/li>\n\n\n\n<li>Der D\u00eda de los Muertos ist ein <strong>kulturelles Erbe der Menschheit<\/strong><\/li>\n\n\n\n<li>Sehen Sie <strong>Disneys Coco <\/strong>, um den D\u00eda de los Muertos zu verstehen<\/li>\n<\/ol>\n\n<h3 class=\"wp-block-heading\"><strong>Fakt #1: Jeder Altar ist einzigartig und doch gleich<\/strong><\/h3>\n\n<p>Der wohl wichtigste Aspekt der Feierlichkeiten zum Tag der Toten ist die sogenannte <strong>Ofrenda<\/strong>. Da man glaubt, dass ihre verstorbenen Angeh\u00f6rigen zu diesem Anlass in unsere Welt zur\u00fcckkehren, errichten die Mexikaner einen gro\u00dfz\u00fcgig geschm\u00fcckten Altar f\u00fcr die Geister ihrer toten Freunde und Verwandten. Zuckersch\u00e4del, Ringelblumen und andere spirituelle Dekorationen werden auf den Altar gestellt. Neben dieser Standarddekoration stellen die Menschen Bilder der verstorbenen Person und ihre Lieblingsspeisen und -getr\u00e4nke, die die Person zu Lebzeiten bevorzugt konsumiert hat, sowie verschiedene pers\u00f6nliche Gegenst\u00e4nde auf. Daher muss es im ganzen Land f\u00fcr die Dauer des mehrt\u00e4gigen Festes Millionen von einzigartigen Alt\u00e4ren geben, die <strong>die Pers\u00f6nlichkeit des Verstorbenen darstellen und ehren<\/strong>.    <\/p>\n\n<p>Und doch sind sie alle gleich! Und warum? Weil jede Ofrenda (der spanische Name f\u00fcr Altar) <strong>alle vier Elemente der Natur enthalten muss, d.h. Feuer, Wasser, Wind und Erde<\/strong>. Um das Feuer darzustellen, z\u00fcnden die Menschen Kerzen an, um den Seelen den Weg zur Ofrenda zu weisen. Wasser ist in Form eines Wasserkrugs vorhanden, der den Durst der Seelen nach ihrer langen Reise aus dem Land der Toten stillen soll. Um den Wind zu symbolisieren, verwendet man das traditionelle <strong>Papel Picado<\/strong>, bunte Papierbanner mit ausgeschnittenen Motiven. Nicht zuletzt kann die Erde durch Lebensmittel wie <strong>Zuckersch\u00e4del<\/strong> dargestellt werden, vor allem aber durch das <strong>Pan de Muerto<\/strong>, das in Mexiko nur an den Tagen des D\u00eda de los Muertos hergestellt wird.      <\/p>\n\n<figure class=\"wp-block-image\"><img decoding=\"async\" src=\"https:\/\/padreazul.com\/uploads\/25h_002.jpg\" alt=\"Padre Azul ofrenda\"\/><figcaption class=\"wp-element-caption\">\u00a9Martin Steiger<\/figcaption><\/figure>\n\n<h3 class=\"wp-block-heading\"><strong>Fakt #2: Die Menschen in Yucatan feiern Hanal Pixan anstelle des D\u00eda de los Muertos<\/strong><\/h3>\n\n<p>Sie wissen vielleicht, was der D\u00eda de los Muertos ist, aber wissen Sie auch, was <strong>Hanal Pixan<\/strong> ist? Hanal Pixan (sprich: ha-nawl peesh-awn) wird ausschlie\u00dflich auf der mexikanischen Halbinsel Yucatan gefeiert und kann als die <strong>Maya-Version des D\u00eda de los Muertos<\/strong> betrachtet werden. Da der bekannte Tag der Toten seinen Ursprung bei den Azteken hat, die in Zentralmexiko lebten, ist dieses Fest ein \u00dcberbleibsel der Maya, die in der feuchten Gegend von Yucatan lebten. W\u00f6rtlich \u00fcbersetzt bedeutet Hanal Pixan &#8220;Nahrung f\u00fcr die Seelen&#8221;.   <\/p>\n\n<p>Beide Feste haben viele Gemeinsamkeiten, aber auch einige Unterschiede. Der D\u00eda de los Muertos und Hanal Pixan werden beide zur gleichen Zeit gefeiert, n\u00e4mlich am 31. Oktober und am 2. November. Au\u00dferdem geht es bei beiden Feiertagen darum, Freunden und Familienmitgliedern zu gedenken, die bereits in eine andere Sph\u00e4re der Existenz \u00fcbergegangen sind. Beide Feste gehen davon aus, dass diese Seelen (in der Sprache der Maya auch pixan) zu diesem Anlass aus dem Land der Toten zur\u00fcckkehren.   <\/p>\n\n<p>W\u00e4hrend Bilder ein wichtiger Bestandteil des D\u00eda de los Muertos sind, d\u00fcrfen die Menschen, die Hanal Pixan feiern, erst dann Fotos ihrer verstorbenen Angeh\u00f6rigen auf die Ofrenda stellen, wenn ein ganzes Jahr seit deren Tod vergangen ist. Da der Tag nur in Yucatan gefeiert wird, werden w\u00e4hrend des mehrt\u00e4gigen Festes auch <strong>einheimische Speisen<\/strong> serviert. Au\u00dferdem ist es verboten, die Speisen auf dem Altar zu ber\u00fchren, bis das Fest vorbei ist! Das beste Hanal Pixan-Fest findet sicherlich in <strong>Merida, der Hauptstadt von Yucatan<\/strong>, statt.   <\/p>\n\n<figure class=\"wp-block-image\"><img decoding=\"async\" src=\"https:\/\/padreazul.com\/uploads\/25h_095.jpg\" alt=\"\"\/><figcaption class=\"wp-element-caption\">\u00a9Martin Steiger<\/figcaption><\/figure>\n\n<h3 class=\"wp-block-heading\"><strong>Fakt #4: La Calavera Catrina war urspr\u00fcnglich eine Persiflage auf die Oberschicht<\/strong><\/h3>\n\n<p>Neben der ber\u00fchmten K\u00fcnstlerin Frida Kahlo ist <strong>La Catrina<\/strong> wahrscheinlich die weltweit bekannteste mexikanische Frau. Das Interessante daran ist, dass Catrina La Calavera Garbanc &#8211; so lautet ihr vollst\u00e4ndiger Name &#8211; nur eine <strong>fiktive Figur<\/strong> ist, <strong>die von dem mexikanischen Maler und Illustrator Jos\u00e9 Guadalupe Posada<\/strong> zu Beginn des 20. La Calavera Catrina ist ein weibliches Skelett, das in schicke Kleider gekleidet ist und viel Make-up tr\u00e4gt, um ihre urspr\u00fcngliche Herkunft zu verbergen. La Catrina sollte eine Satire auf die mexikanische Oberschicht sein, die versucht, sich richtig zu kleiden, um sich dem europ\u00e4ischen Lebensstil anzupassen, der von den Spaniern ins Land gebracht wurde.   <\/p>\n\n<p>Die Figur sollte die Tatsache darstellen, dass es egal ist, wie man sich kleidet, denn am Ende sterben wir alle. Die Popularit\u00e4t von La Catrina nahm erst durch<strong> Diego Rivera, den Ehemann von Frida Kahlo<\/strong>, zu, da er La Catrina in einem seiner ber\u00fchmten Gem\u00e4lde darstellte. Heutzutage ist das ikonische La Catrina-Kost\u00fcm ein beliebtes Outfit f\u00fcr den D\u00eda de los Muertos! Die Leute malen ihr Gesicht wei\u00df wie ein Skelett und f\u00fcgen einige bunte Make-up-Details hinzu, tragen ein Kleid und eine Kopfbedeckung, normalerweise einen gro\u00dfen Hut.   <\/p>\n\n<figure class=\"wp-block-image\"><img decoding=\"async\" src=\"https:\/\/padreazul.com\/uploads\/LRC8500.jpg\" alt=\"\"\/><\/figure>\n\n<h3 class=\"wp-block-heading\"><strong>Fakt #4: Der D\u00eda de los Muertos ist ein Kulturerbe der Menschheit<\/strong><\/h3>\n\n<p>Im Jahr 2003 erkl\u00e4rte <strong>die UNESCO <\/strong>den mexikanischen D\u00eda de los Muertos zum <strong>immateriellen Kulturerbe der Menschheit<\/strong>! Damit sollte diese uralte Tradition gesch\u00fctzt werden, damit auch k\u00fcnftige Generationen das magische Fest erleben k\u00f6nnen, indem sie sich an&#8230; uns erinnern! Nur die skandal\u00f6sesten Ausdrucksformen schaffen es auf die spezielle UNESCO-Liste. Neben dem Tag der Toten geh\u00f6ren auch die typische<strong> Mariachi-Musik<\/strong> und die rituelle Zeremonie der <strong>Voladores <\/strong>zum immateriellen mexikanischen Kulturerbe der Menschheit. Daher ist es wichtig, unseren Kindern diese sch\u00f6ne Tradition beizubringen und weiterzugeben, damit sie diesen mexikanischen Feiertag genauso feiern k\u00f6nnen wie wir. Der n\u00e4chste Fakt zeigt Ihnen einen einfachen Weg, dies zu tun!    <\/p>\n\n<figure class=\"wp-block-image\"><img decoding=\"async\" src=\"https:\/\/padreazul.com\/uploads\/LRC6938-2.jpg\" alt=\"\"\/><\/figure>\n\n<h3 class=\"wp-block-heading\"><strong>Fakt #5: Sehen Sie Disneys Coco, um den D\u00eda de los Muertos zu verstehen<\/strong><\/h3>\n\n<p>Eine der besten M\u00f6glichkeiten, die Bedeutung des mexikanischen D\u00eda de los Muertos zu lernen und zu verstehen, ist wahrscheinlich der <strong>Disney-Film &#8220;Coco&#8221;!<\/strong> Er zeigt nicht nur die farbenfrohe Dekoration, die die Menschen f\u00fcr den D\u00eda de los Muertos aufstellen, sondern l\u00e4sst Sie auch die au\u00dfergew\u00f6hnliche Atmosph\u00e4re sp\u00fcren, die diesen Feiertag umgibt. Sie erhalten detaillierte Einblicke in die Werte der mexikanischen Kultur, w\u00e4hrend Sie sich vor Lachen, Weinen und Erstaunen \u00fcber dieses moderne Kunstwerk, das traditionelle Rituale vermittelt, kaum retten k\u00f6nnen. Es ist eine leicht zu verfolgende Geschichte, perfekt f\u00fcr junge und erfahrene Zuschauer! Nachdem Sie den Film gesehen haben, werden Sie verstehen, warum die UNESCO den D\u00eda de los Muertos in die Liste des immateriellen Kulturerbes der Menschheit aufgenommen hat!   <\/p>\n\n<figure class=\"wp-block-embed is-type-rich is-provider-embed-handler wp-block-embed-embed-handler wp-embed-aspect-16-9 wp-has-aspect-ratio\"><div class=\"wp-block-embed__wrapper\">\n<iframe loading=\"lazy\" title=\"Coco Official Final Trailer\" width=\"500\" height=\"281\" src=\"https:\/\/www.youtube.com\/embed\/Rvr68u6k5sI?feature=oembed\" frameborder=\"0\" allow=\"accelerometer; autoplay; clipboard-write; encrypted-media; gyroscope; picture-in-picture; web-share\" referrerpolicy=\"strict-origin-when-cross-origin\" allowfullscreen><\/iframe>\n<\/div><\/figure>\n\n<h3 class=\"wp-block-heading\"><strong>Bonusfakt: Padre Azul feiert den D\u00eda de los Muertos mit einer j\u00e4hrlichen limitierten Artist Edition<\/strong><\/h3>\n\n<p>D\u00eda de los Muertos, Tequila und Kunst.  <strong>Dieses Trio geh\u00f6rt zueinander!<\/strong>  Unser Padre Azul Team hat diese drei Aspekte zusammengebracht und das Ergebnis war die limitierte D\u00eda de los Muertos Artist Edition in Zusammenarbeit mit dem mexikanischen K\u00fcnstler Jos\u00e9 Parra. Sein Kunstwerk &#8220;Catrina de Velas&#8221; ziert die Au\u00dfenseite der Flasche, und unser Padre Azul Anejo Tequila f\u00fcllt das Innere. Diese Kombination macht ihn zu einer Rarit\u00e4t in einer Sammlung, die bald durch eine neue Edition bereichert werden k\u00f6nnte&#8230;    <strong>Padres, bleiben Sie dran!<\/strong><\/p>\n\n<figure class=\"wp-block-image\"><img decoding=\"async\" src=\"https:\/\/padreazul.com\/uploads\/ramon-muertos.png\" alt=\"\"\/><\/figure>\n","protected":false},"excerpt":{"rendered":"<p>El Dia de los Muertos ist f\u00fcr die Mexikaner der wichtigste Feiertag des Jahres &#8211; sogar wichtiger als Weihnachten! Es [&hellip;]<\/p>\n","protected":false},"author":4,"featured_media":7282,"comment_status":"closed","ping_status":"closed","sticky":false,"template":"","format":"standard","meta":{"content-type":"","_uag_custom_page_level_css":"","site-sidebar-layout":"default","site-content-layout":"","ast-site-content-layout":"default","site-content-style":"default","site-sidebar-style":"default","ast-global-header-display":"","ast-banner-title-visibility":"","ast-main-header-display":"","ast-hfb-above-header-display":"","ast-hfb-below-header-display":"","ast-hfb-mobile-header-display":"","site-post-title":"","ast-breadcrumbs-content":"","ast-featured-img":"","footer-sml-layout":"","ast-disable-related-posts":"","theme-transparent-header-meta":"","adv-header-id-meta":"","stick-header-meta":"","header-above-stick-meta":"","header-main-stick-meta":"","header-below-stick-meta":"","astra-migrate-meta-layouts":"default","ast-page-background-enabled":"default","ast-page-background-meta":{"desktop":{"background-color":"","background-image":"","background-repeat":"repeat","background-position":"center center","background-size":"auto","background-attachment":"scroll","background-type":"","background-media":"","overlay-type":"","overlay-color":"","overlay-opacity":"","overlay-gradient":""},"tablet":{"background-color":"","background-image":"","background-repeat":"repeat","background-position":"center center","background-size":"auto","background-attachment":"scroll","background-type":"","background-media":"","overlay-type":"","overlay-color":"","overlay-opacity":"","overlay-gradient":""},"mobile":{"background-color":"","background-image":"","background-repeat":"repeat","background-position":"center center","background-size":"auto","background-attachment":"scroll","background-type":"","background-media":"","overlay-type":"","overlay-color":"","overlay-opacity":"","overlay-gradient":""}},"ast-content-background-meta":{"desktop":{"background-color":"var(--ast-global-color-5)","background-image":"","background-repeat":"repeat","background-position":"center center","background-size":"auto","background-attachment":"scroll","background-type":"","background-media":"","overlay-type":"","overlay-color":"","overlay-opacity":"","overlay-gradient":""},"tablet":{"background-color":"var(--ast-global-color-5)","background-image":"","background-repeat":"repeat","background-position":"center center","background-size":"auto","background-attachment":"scroll","background-type":"","background-media":"","overlay-type":"","overlay-color":"","overlay-opacity":"","overlay-gradient":""},"mobile":{"background-color":"var(--ast-global-color-5)","background-image":"","background-repeat":"repeat","background-position":"center center","background-size":"auto","background-attachment":"scroll","background-type":"","background-media":"","overlay-type":"","overlay-color":"","overlay-opacity":"","overlay-gradient":""}},"footnotes":""},"categories":[200],"tags":[250,252],"class_list":["post-8457","post","type-post","status-publish","format-standard","has-post-thumbnail","hentry","category-unkategorisiert","tag-dia-de-los-muertos-de","tag-fakten"],"uagb_featured_image_src":{"full":["https:\/\/padreazul.com\/wp-content\/uploads\/2023\/10\/facts_dia_de_los_muertos_banner.webp",2240,1260,false],"thumbnail":["https:\/\/padreazul.com\/wp-content\/uploads\/2023\/10\/facts_dia_de_los_muertos_banner-150x150.webp",150,150,true],"medium":["https:\/\/padreazul.com\/wp-content\/uploads\/2023\/10\/facts_dia_de_los_muertos_banner-300x169.webp",300,169,true],"medium_large":["https:\/\/padreazul.com\/wp-content\/uploads\/2023\/10\/facts_dia_de_los_muertos_banner-768x432.webp",768,432,true],"large":["https:\/\/padreazul.com\/wp-content\/uploads\/2023\/10\/facts_dia_de_los_muertos_banner-1024x576.webp",1024,576,true],"product_image_size":["https:\/\/padreazul.com\/wp-content\/uploads\/2023\/10\/facts_dia_de_los_muertos_banner-1600x900.webp",1600,900,true],"product_image_size_small":["https:\/\/padreazul.com\/wp-content\/uploads\/2023\/10\/facts_dia_de_los_muertos_banner-1067x600.webp",1067,600,true],"1536x1536":["https:\/\/padreazul.com\/wp-content\/uploads\/2023\/10\/facts_dia_de_los_muertos_banner-1536x864.webp",1536,864,true],"2048x2048":["https:\/\/padreazul.com\/wp-content\/uploads\/2023\/10\/facts_dia_de_los_muertos_banner-2048x1152.webp",2048,1152,true],"woocommerce_thumbnail":["https:\/\/padreazul.com\/wp-content\/uploads\/2023\/10\/facts_dia_de_los_muertos_banner-500x500.webp",500,500,true],"woocommerce_single":["https:\/\/padreazul.com\/wp-content\/uploads\/2023\/10\/facts_dia_de_los_muertos_banner-500x281.webp",500,281,true],"woocommerce_gallery_thumbnail":["https:\/\/padreazul.com\/wp-content\/uploads\/2023\/10\/facts_dia_de_los_muertos_banner-100x100.webp",100,100,true]},"uagb_author_info":{"display_name":"Ramon","author_link":"https:\/\/padreazul.com\/de\/author\/florian_springer\/"},"uagb_comment_info":0,"uagb_excerpt":"El Dia de los Muertos ist f\u00fcr die Mexikaner der wichtigste Feiertag des Jahres &#8211; sogar wichtiger als Weihnachten! Es [&hellip;]","_links":{"self":[{"href":"https:\/\/padreazul.com\/de\/wp-json\/wp\/v2\/posts\/8457","targetHints":{"allow":["GET"]}}],"collection":[{"href":"https:\/\/padreazul.com\/de\/wp-json\/wp\/v2\/posts"}],"about":[{"href":"https:\/\/padreazul.com\/de\/wp-json\/wp\/v2\/types\/post"}],"author":[{"embeddable":true,"href":"https:\/\/padreazul.com\/de\/wp-json\/wp\/v2\/users\/4"}],"replies":[{"embeddable":true,"href":"https:\/\/padreazul.com\/de\/wp-json\/wp\/v2\/comments?post=8457"}],"version-history":[{"count":0,"href":"https:\/\/padreazul.com\/de\/wp-json\/wp\/v2\/posts\/8457\/revisions"}],"wp:featuredmedia":[{"embeddable":true,"href":"https:\/\/padreazul.com\/de\/wp-json\/wp\/v2\/media\/7282"}],"wp:attachment":[{"href":"https:\/\/padreazul.com\/de\/wp-json\/wp\/v2\/media?parent=8457"}],"wp:term":[{"taxonomy":"category","embeddable":true,"href":"https:\/\/padreazul.com\/de\/wp-json\/wp\/v2\/categories?post=8457"},{"taxonomy":"post_tag","embeddable":true,"href":"https:\/\/padreazul.com\/de\/wp-json\/wp\/v2\/tags?post=8457"}],"curies":[{"name":"wp","href":"https:\/\/api.w.org\/{rel}","templated":true}]}}